[{"@context":"https:\/\/schema.org\/","@type":"Article","@id":"https:\/\/www.dwpl.cz\/kdyz-slavime-nebudeme-bojovat\/#Article","mainEntityOfPage":"https:\/\/www.dwpl.cz\/kdyz-slavime-nebudeme-bojovat\/","headline":"Kdy\u017e slav\u00edme, nebudeme bojovat","name":"Kdy\u017e slav\u00edme, nebudeme bojovat","description":"&#13; J\u00e1 osobn\u011b si neum\u00edm p\u0159edstavit, \u017ee bych ub\u011bhla, by\u0165 jen polovinu, a to asi ani kdyby mi \u0161lo o \u017eivot. Pokud bych se k takov\u00e9mu, podle m\u00e9ho n\u00e1zoru nadlidsk\u00e9mu, v\u00fdkonu p\u0159eci jen n\u011bjak\u00fdm nezn\u00e1m\u00fdm zp\u016fsobem p\u0159inutila, asi by to se mnou dopadlo jako s t\u00edm legend\u00e1rn\u00edm \u0159eck\u00fdm b\u011b\u017ecem, kter\u00fd po bitv\u011b u Marath\u00f3nu p\u0159inesl [&hellip;]","datePublished":"2020-10-04","dateModified":"2023-06-05","author":{"@type":"Person","@id":"https:\/\/www.dwpl.cz\/author\/#Person","name":"","url":"https:\/\/www.dwpl.cz\/author\/","identifier":1,"image":{"@type":"ImageObject","@id":"https:\/\/secure.gravatar.com\/avatar\/06473a178d94fb830b46e277369729e9534f2612e261ec2f1ee96b672ef473e2?s=96&d=mm&r=g","url":"https:\/\/secure.gravatar.com\/avatar\/06473a178d94fb830b46e277369729e9534f2612e261ec2f1ee96b672ef473e2?s=96&d=mm&r=g","height":96,"width":96}},"publisher":{"@type":"Organization","name":"dwpl.cz","logo":{"@type":"ImageObject","@id":"\/logo.png","url":"\/logo.png","width":600,"height":60}},"url":"https:\/\/www.dwpl.cz\/kdyz-slavime-nebudeme-bojovat\/","about":["Hobby\r"],"wordCount":418,"articleBody":"&#13; J\u00e1 osobn\u011b si neum\u00edm p\u0159edstavit, \u017ee bych ub\u011bhla, by\u0165 jen polovinu, a to asi ani kdyby mi \u0161lo o \u017eivot. Pokud bych se k takov\u00e9mu, podle m\u00e9ho n\u00e1zoru nadlidsk\u00e9mu, v\u00fdkonu p\u0159eci jen n\u011bjak\u00fdm nezn\u00e1m\u00fdm zp\u016fsobem p\u0159inutila, asi by to se mnou dopadlo jako s t\u00edm legend\u00e1rn\u00edm \u0159eck\u00fdm b\u011b\u017ecem, kter\u00fd po bitv\u011b u Marath\u00f3nu p\u0159inesl zpr\u00e1vu o v\u00edt\u011bzstv\u00ed Ath\u00e9\u0148an\u016f nad Per\u0161any a zem\u0159el. Je\u0161t\u011b \u00fadajn\u011b sta\u010dil \u0159\u00edci &#8211; \u201eZv\u00edt\u011bzili jsme.\u201c Bohu\u017eel je tento hrdina tak trochu smy\u0161len\u00fd.&#13; \u00b7 Podle v\u0161eho n\u011bjak\u00fd b\u011b\u017eec skute\u010dn\u011b existoval, ale upaloval z Ath\u00e9n do Sparty, aby p\u0159ivedl vojenskou pomoc.&#13; \u00b7 Spar\u0165an\u00e9 se v\u0161ak necht\u011bli n\u011bjakou bitvou v\u016fbec zab\u00fdvat, proto\u017ee m\u011bli pr\u00e1v\u011b slavnosti. A ty trvali n\u011bkolik dn\u00ed.&#13; &#13; Maraton na olympijsk\u00fdch hr\u00e1ch&#13; A\u0165 u\u017e to bylo, jak cht\u011blo, d\u016fle\u017eit\u00e9 je to, \u017ee m\u00e1me maratonsk\u00fd b\u011bh. Poprv\u00e9 se na olympi\u00e1du dostal \u010dty\u0159i roky p\u0159ed koncem devaten\u00e1ct\u00e9ho stolet\u00ed, kdy ho vyhr\u00e1l \u0159eck\u00fd nosi\u010d vody. Asi m\u011bl s t\u011bmi n\u00e1dobami dob\u0159e natr\u00e9nov\u00e1no.&#13; \u00b7 To ale b\u011bhali pouze mu\u017ei.&#13; \u00b7 \u017deny se k nim p\u0159idaly a\u017e mnohem pozd\u011bji.&#13; Mo\u017en\u00e1 proto, \u017ee bylo v\u0161eobecn\u00e9 m\u00edn\u011bn\u00ed o tom, \u017ee \u017eena je na toto velk\u00e9 fyzick\u00e9 i psychick\u00e9 vyp\u011bt\u00ed p\u0159\u00edli\u0161 slab\u00e1. Mysl\u00edm, \u017ee je to velk\u00fd, velik\u00fd nesmysl. Kdy\u017e pom\u011b\u0159\u00edme \u010das na\u0161eho skv\u011bl\u00e9ho Emila Z\u00e1topka, kter\u00fd vyhr\u00e1l v roce 1952 v Helsink\u00e1ch na olympi\u00e1d\u011b pr\u00e1v\u011b maraton, s \u010dasem z\u00e1vodnice z roku 1984, dalo by se \u0159\u00edci, \u017ee by mu d\u00fdchala na z\u00e1da. Dob\u011bhla by o pouhou minutu a p\u016fl jako druh\u00e1.&#13; Bostonsk\u00e1 trag\u00e9die&#13; Mo\u017en\u00e1 se leckomu p\u0159i vysloven\u00ed n\u00e1zvu maratonsk\u00e9ho z\u00e1vodu vybav\u00ed i n\u011bco jin\u00e9ho. Bostonsk\u00fd maraton. A\u017e do roku 2013 byl spojen pouze s prvn\u00edm dubnov\u00fdm pond\u011bl\u00edm, kdy se na start postavilo v\u011bt\u0161inou kolem dvaceti tis\u00edc z\u00e1vodn\u00edk\u016f a p\u0159\u00edle\u017eitost\u00ed k rodinn\u00e9mu v\u00fdletu.&#13; \u00b7 Te\u010f se n\u00e1m, bohu\u017eel, vybav\u00ed i teroristick\u00e1 hrozba.&#13; \u00b7 Paradoxem je to, \u017ee se z\u00e1vod kon\u00e1 na \u201eDen patriot\u016f\u201c, kter\u00fd je p\u0159ipom\u00ednkou bitvy za nez\u00e1vislost.                                                                                                                                                                                                                                                                                                                                                                                         4.4\/5 - (11 votes)        "},{"@context":"https:\/\/schema.org\/","@type":"BreadcrumbList","itemListElement":[{"@type":"ListItem","position":1,"name":"Kdy\u017e slav\u00edme, nebudeme bojovat","item":"https:\/\/www.dwpl.cz\/kdyz-slavime-nebudeme-bojovat\/#breadcrumbitem"}]}]